{"id":11792,"date":"2025-06-30T06:25:17","date_gmt":"2025-06-30T04:25:17","guid":{"rendered":"https:\/\/vrteckonjice.splet.arnes.si\/?p=11792"},"modified":"2025-06-30T06:27:59","modified_gmt":"2025-06-30T04:27:59","slug":"11792","status":"publish","type":"post","link":"https:\/\/www.vrtec-konjice.si\/?p=11792","title":{"rendered":"OBVESTILO &#8211; ODPRTJE ENOT MED POLETNIMI PO\u010cITNICAMI  \u00a0"},"content":{"rendered":"<p>Spo\u0161tovani star\u0161i!<\/p>\n<p>&nbsp;<\/p>\n<p>Obve\u0161\u010damo vas o organizaciji dela med poletnimi po\u010ditnicami.<\/p>\n<p><strong>&nbsp;<\/strong><\/p>\n<p><strong>Do 30. junija bo vzgojno-izobra\u017eevalno delo potekalo v vseh enotah in dislociranih oddelkih. <\/strong><\/p>\n<p><strong>&nbsp;<\/strong><\/p>\n<p><strong>Od 1. julija do 22. avgusta bo vzgojno-izobra\u017eevalno delo potekalo na de\u017eurnih enotah:<\/strong><\/p>\n<ul>\n<li>ENOTA PREVRAT (za otroke iz Prevrata, Tatenbacha)<\/li>\n<li>ENOTA LO\u010cE&nbsp; (za otroke iz Lo\u010d in Zbelovega)<\/li>\n<li>ENOTA TEPANJE (za otroke iz Tepanja in Jerneja)<\/li>\n<li>DISL. ODD. V KS \u017dI\u010cE (za otroke iz \u017di\u010d in \u0160pitali\u010da)<\/li>\n<li>ENOTA SLOM\u0160KOVA (predvidoma bo odprta do 18. 7., nato se otroci premestijo v enoto Prevrat)<\/li>\n<\/ul>\n<p><strong><em>&nbsp;<\/em><\/strong><\/p>\n<p><strong>&nbsp;<\/strong><\/p>\n<p><strong>Od 25. avgusta dalje bo vzgojno-izobra\u017eevalno delo potekalo v vseh enotah in dislociranih oddelkih. <\/strong><\/p>\n<p>&nbsp;<\/p>\n<p>&nbsp;<\/p>\n<p>&nbsp;<\/p>\n<p>Prijetne po\u010ditnice!<\/p>\n<p>&nbsp;<\/p>\n<p>&nbsp;<\/p>\n<p>&nbsp;<\/p>\n<p style=\"text-align: right\">Toma\u017e Popovi\u0107,<\/p>\n<p style=\"text-align: right\">ravnatelj<\/p>\n","protected":false},"excerpt":{"rendered":"<p>Spo\u0161tovani star\u0161i! &nbsp; Obve\u0161\u010damo vas o organizaciji dela med poletnimi po\u010ditnicami. &nbsp; Do 30. junija bo vzgojno-izobra\u017eevalno delo potekalo v vseh enotah in dislociranih oddelkih. &nbsp; Od 1. julija do 22. avgusta bo vzgojno-izobra\u017eevalno delo potekalo na de\u017eurnih enotah: ENOTA PREVRAT (za otroke iz Prevrata, Tatenbacha) ENOTA LO\u010cE&nbsp; (za otroke iz Lo\u010d in Zbelovega) ENOTA [&hellip;]<\/p>\n","protected":false},"author":3129,"featured_media":0,"comment_status":"open","ping_status":"open","sticky":false,"template":"","format":"standard","meta":{"_et_pb_use_builder":"","_et_pb_old_content":"","_et_gb_content_width":"","ngg_post_thumbnail":0,"footnotes":""},"categories":[9],"tags":[],"class_list":["post-11792","post","type-post","status-publish","format-standard","hentry","category-novice"],"_links":{"self":[{"href":"https:\/\/www.vrtec-konjice.si\/index.php?rest_route=\/wp\/v2\/posts\/11792","targetHints":{"allow":["GET"]}}],"collection":[{"href":"https:\/\/www.vrtec-konjice.si\/index.php?rest_route=\/wp\/v2\/posts"}],"about":[{"href":"https:\/\/www.vrtec-konjice.si\/index.php?rest_route=\/wp\/v2\/types\/post"}],"author":[{"embeddable":true,"href":"https:\/\/www.vrtec-konjice.si\/index.php?rest_route=\/wp\/v2\/users\/3129"}],"replies":[{"embeddable":true,"href":"https:\/\/www.vrtec-konjice.si\/index.php?rest_route=%2Fwp%2Fv2%2Fcomments&post=11792"}],"version-history":[{"count":4,"href":"https:\/\/www.vrtec-konjice.si\/index.php?rest_route=\/wp\/v2\/posts\/11792\/revisions"}],"predecessor-version":[{"id":11796,"href":"https:\/\/www.vrtec-konjice.si\/index.php?rest_route=\/wp\/v2\/posts\/11792\/revisions\/11796"}],"wp:attachment":[{"href":"https:\/\/www.vrtec-konjice.si\/index.php?rest_route=%2Fwp%2Fv2%2Fmedia&parent=11792"}],"wp:term":[{"taxonomy":"category","embeddable":true,"href":"https:\/\/www.vrtec-konjice.si\/index.php?rest_route=%2Fwp%2Fv2%2Fcategories&post=11792"},{"taxonomy":"post_tag","embeddable":true,"href":"https:\/\/www.vrtec-konjice.si\/index.php?rest_route=%2Fwp%2Fv2%2Ftags&post=11792"}],"curies":[{"name":"wp","href":"https:\/\/api.w.org\/{rel}","templated":true}]}}