{"id":11679,"date":"2025-02-26T07:30:11","date_gmt":"2025-02-26T06:30:11","guid":{"rendered":"https:\/\/vrteckonjice.splet.arnes.si\/?p=11679"},"modified":"2025-02-26T07:30:11","modified_gmt":"2025-02-26T06:30:11","slug":"vabilo-dan-odprtih-vrat","status":"publish","type":"post","link":"https:\/\/www.vrtec-konjice.si\/?p=11679","title":{"rendered":"VABILO &#8211; DAN ODPRTIH VRAT"},"content":{"rendered":"<p>Spo\u0161tovani star\u0161i, dragi otroci!<\/p>\n<p>Vabimo Vas na dan odprtih vrat Vrtca Slovenske Konjice, ki bo v \u010detrtek, 6. 3. 2025, med 16. in 18. uro, v vseh enotah in dislociranih oddelkih v KS.<\/p>\n<p><a href=\"https:\/\/www.vrtec-konjice.si\/files\/2025\/02\/Vabilo-dan-odprtih-vrat-2025.pdf\"><span style=\"color: #003366\">Vabilo &#8211; dan odprtih vrat 2025<\/span><\/a><\/p>\n","protected":false},"excerpt":{"rendered":"<p>Spo\u0161tovani star\u0161i, dragi otroci! Vabimo Vas na dan odprtih vrat Vrtca Slovenske Konjice, ki bo v \u010detrtek, 6. 3. 2025, med 16. in 18. uro, v vseh enotah in dislociranih oddelkih v KS. Vabilo &#8211; dan odprtih vrat 2025<\/p>\n","protected":false},"author":33573,"featured_media":0,"comment_status":"open","ping_status":"open","sticky":false,"template":"","format":"standard","meta":{"_et_pb_use_builder":"","_et_pb_old_content":"","_et_gb_content_width":"","ngg_post_thumbnail":0,"footnotes":""},"categories":[9],"tags":[],"class_list":["post-11679","post","type-post","status-publish","format-standard","hentry","category-novice"],"_links":{"self":[{"href":"https:\/\/www.vrtec-konjice.si\/index.php?rest_route=\/wp\/v2\/posts\/11679","targetHints":{"allow":["GET"]}}],"collection":[{"href":"https:\/\/www.vrtec-konjice.si\/index.php?rest_route=\/wp\/v2\/posts"}],"about":[{"href":"https:\/\/www.vrtec-konjice.si\/index.php?rest_route=\/wp\/v2\/types\/post"}],"author":[{"embeddable":true,"href":"https:\/\/www.vrtec-konjice.si\/index.php?rest_route=\/wp\/v2\/users\/33573"}],"replies":[{"embeddable":true,"href":"https:\/\/www.vrtec-konjice.si\/index.php?rest_route=%2Fwp%2Fv2%2Fcomments&post=11679"}],"version-history":[{"count":1,"href":"https:\/\/www.vrtec-konjice.si\/index.php?rest_route=\/wp\/v2\/posts\/11679\/revisions"}],"predecessor-version":[{"id":11681,"href":"https:\/\/www.vrtec-konjice.si\/index.php?rest_route=\/wp\/v2\/posts\/11679\/revisions\/11681"}],"wp:attachment":[{"href":"https:\/\/www.vrtec-konjice.si\/index.php?rest_route=%2Fwp%2Fv2%2Fmedia&parent=11679"}],"wp:term":[{"taxonomy":"category","embeddable":true,"href":"https:\/\/www.vrtec-konjice.si\/index.php?rest_route=%2Fwp%2Fv2%2Fcategories&post=11679"},{"taxonomy":"post_tag","embeddable":true,"href":"https:\/\/www.vrtec-konjice.si\/index.php?rest_route=%2Fwp%2Fv2%2Ftags&post=11679"}],"curies":[{"name":"wp","href":"https:\/\/api.w.org\/{rel}","templated":true}]}}