{"id":11576,"date":"2024-10-08T12:56:38","date_gmt":"2024-10-08T10:56:38","guid":{"rendered":"https:\/\/vrteckonjice.splet.arnes.si\/?p=11576"},"modified":"2024-10-08T12:56:38","modified_gmt":"2024-10-08T10:56:38","slug":"odpoved-ciciolimpijade","status":"publish","type":"post","link":"https:\/\/www.vrtec-konjice.si\/?p=11576","title":{"rendered":"ODPOVED CICIOLIMPIJADE"},"content":{"rendered":"<p><strong><u>\u017dal vas moramo obvestiti, da prireditev Ciciolimpijada, zaradi vetra in poslab\u0161anja vremena, odpade.<\/u><\/strong><\/p>\n<p>Na prvem mestu nam je varna izpeljava dogodka, kar pa trenutne vremenske razmere, ob vetru in nestabilni popoldanski vremenski napovedi onemogo\u010dajo. Posvetovali smo se tudi z ARSO, kjer so nam povedali, da tudi v popoldanskih urah ni pri\u010dakovati bistvenega izbolj\u0161anja vremena. Tudi v \u010detrtek, ko smo imeli na\u010drtovan nadomestni termin, je vremenska napoved slaba, zato odpovedujemo izvedbo Ciciolimpijade.<\/p>\n<p>Hvala za razumevanje!<\/p>\n<p>&nbsp;<\/p>\n<p>Toma\u017e Popovi\u0107, l.r.<\/p>\n<p>ravnatelj<\/p>\n<p>&nbsp;<\/p>\n","protected":false},"excerpt":{"rendered":"<p>\u017dal vas moramo obvestiti, da prireditev Ciciolimpijada, zaradi vetra in poslab\u0161anja vremena, odpade. Na prvem mestu nam je varna izpeljava dogodka, kar pa trenutne vremenske razmere, ob vetru in nestabilni popoldanski vremenski napovedi onemogo\u010dajo. Posvetovali smo se tudi z ARSO, kjer so nam povedali, da tudi v popoldanskih urah ni pri\u010dakovati bistvenega izbolj\u0161anja vremena. Tudi [&hellip;]<\/p>\n","protected":false},"author":33573,"featured_media":0,"comment_status":"open","ping_status":"open","sticky":false,"template":"","format":"standard","meta":{"_et_pb_use_builder":"","_et_pb_old_content":"","_et_gb_content_width":"","ngg_post_thumbnail":0,"footnotes":""},"categories":[9],"tags":[],"class_list":["post-11576","post","type-post","status-publish","format-standard","hentry","category-novice"],"_links":{"self":[{"href":"https:\/\/www.vrtec-konjice.si\/index.php?rest_route=\/wp\/v2\/posts\/11576","targetHints":{"allow":["GET"]}}],"collection":[{"href":"https:\/\/www.vrtec-konjice.si\/index.php?rest_route=\/wp\/v2\/posts"}],"about":[{"href":"https:\/\/www.vrtec-konjice.si\/index.php?rest_route=\/wp\/v2\/types\/post"}],"author":[{"embeddable":true,"href":"https:\/\/www.vrtec-konjice.si\/index.php?rest_route=\/wp\/v2\/users\/33573"}],"replies":[{"embeddable":true,"href":"https:\/\/www.vrtec-konjice.si\/index.php?rest_route=%2Fwp%2Fv2%2Fcomments&post=11576"}],"version-history":[{"count":1,"href":"https:\/\/www.vrtec-konjice.si\/index.php?rest_route=\/wp\/v2\/posts\/11576\/revisions"}],"predecessor-version":[{"id":11577,"href":"https:\/\/www.vrtec-konjice.si\/index.php?rest_route=\/wp\/v2\/posts\/11576\/revisions\/11577"}],"wp:attachment":[{"href":"https:\/\/www.vrtec-konjice.si\/index.php?rest_route=%2Fwp%2Fv2%2Fmedia&parent=11576"}],"wp:term":[{"taxonomy":"category","embeddable":true,"href":"https:\/\/www.vrtec-konjice.si\/index.php?rest_route=%2Fwp%2Fv2%2Fcategories&post=11576"},{"taxonomy":"post_tag","embeddable":true,"href":"https:\/\/www.vrtec-konjice.si\/index.php?rest_route=%2Fwp%2Fv2%2Ftags&post=11576"}],"curies":[{"name":"wp","href":"https:\/\/api.w.org\/{rel}","templated":true}]}}