{"id":10623,"date":"2021-08-18T12:59:46","date_gmt":"2021-08-18T10:59:46","guid":{"rendered":"https:\/\/vrteckonjice.splet.arnes.si\/?p=10623"},"modified":"2021-08-23T08:23:24","modified_gmt":"2021-08-23T06:23:24","slug":"novo-solsko-leto","status":"publish","type":"post","link":"https:\/\/www.vrtec-konjice.si\/?p=10623","title":{"rendered":"NOVO \u0160OLSKO LETO"},"content":{"rendered":"<p>Spo\u0161tovani star\u0161i!<\/p>\n<p>Poletne po\u010ditnice se po\u010dasi poslavljajo in pribli\u017euje se za\u010detek novega \u0161olskega leta. Po po\u0161ti boste prijeli vabilo za prvi roditeljski sestanek, na katerem vam bomo posreodvali vse pomembne informacije glede obiskovanja vrtca v novem \u0161olskem letu. Sestanki bodo v ponedeljek, 30. avgusta, popoldan.<\/p>\n<p>Vse star\u0161e otrok novincev obve\u0161\u010damo, da so v Skladu z dolo\u010dili 51\/a \u010dlena Zakona o nalezljivih bolezni,\u00a0 najkasneje na dan vklju\u010ditve otroka v vrtec, dol\u017eni predlo\u017eiti strokovnemu delavcu v oddelku potrdilo pediatra o zdravstvenem stanju otroka, iz katerega izhaja, da je otrok bil cepljen proti o\u0161picam, mumpsu in rde\u010dkam, oz. potrdilo iz katerega izhaja, da otrok ni bil cepljen, za to pa obstajajo medicinski razlogi, ugotovljeni z odlo\u010dbo o opustitvi celjenja iz 22\/\u010d \u010dlena Zakona o nalezljivih bolezni. V kolikor star\u0161i potrdila, najkasneje na dan vklju\u010ditve otroka v vrtec ne bodo dostavili, vrtec vklju\u010ditev necepljenega otroka zavrne, Pogodbo o dolo\u010ditvi medsebojnih pravic in obveznosti star\u0161ev in vrtca pa razve\u017ee.<\/p>\n<p>Veselimo se sre\u010danja z vami.<\/p>\n<p>Toma\u017e Popovi\u0107,<\/p>\n<p>ravnatelj<\/p>\n<p>&nbsp;<\/p>\n<p>&nbsp;<\/p>\n<p>&nbsp;<\/p>\n","protected":false},"excerpt":{"rendered":"<p>Spo\u0161tovani star\u0161i! Poletne po\u010ditnice se po\u010dasi poslavljajo in pribli\u017euje se za\u010detek novega \u0161olskega leta. Po po\u0161ti boste prijeli vabilo za prvi roditeljski sestanek, na katerem vam bomo posreodvali vse pomembne informacije glede obiskovanja vrtca v novem \u0161olskem letu. Sestanki bodo v ponedeljek, 30. avgusta, popoldan. Vse star\u0161e otrok novincev obve\u0161\u010damo, da so v Skladu z [&hellip;]<\/p>\n","protected":false},"author":33573,"featured_media":0,"comment_status":"open","ping_status":"open","sticky":false,"template":"","format":"standard","meta":{"_et_pb_use_builder":"","_et_pb_old_content":"","_et_gb_content_width":"","ngg_post_thumbnail":0,"footnotes":""},"categories":[9],"tags":[],"class_list":["post-10623","post","type-post","status-publish","format-standard","hentry","category-novice"],"_links":{"self":[{"href":"https:\/\/www.vrtec-konjice.si\/index.php?rest_route=\/wp\/v2\/posts\/10623","targetHints":{"allow":["GET"]}}],"collection":[{"href":"https:\/\/www.vrtec-konjice.si\/index.php?rest_route=\/wp\/v2\/posts"}],"about":[{"href":"https:\/\/www.vrtec-konjice.si\/index.php?rest_route=\/wp\/v2\/types\/post"}],"author":[{"embeddable":true,"href":"https:\/\/www.vrtec-konjice.si\/index.php?rest_route=\/wp\/v2\/users\/33573"}],"replies":[{"embeddable":true,"href":"https:\/\/www.vrtec-konjice.si\/index.php?rest_route=%2Fwp%2Fv2%2Fcomments&post=10623"}],"version-history":[{"count":3,"href":"https:\/\/www.vrtec-konjice.si\/index.php?rest_route=\/wp\/v2\/posts\/10623\/revisions"}],"predecessor-version":[{"id":10627,"href":"https:\/\/www.vrtec-konjice.si\/index.php?rest_route=\/wp\/v2\/posts\/10623\/revisions\/10627"}],"wp:attachment":[{"href":"https:\/\/www.vrtec-konjice.si\/index.php?rest_route=%2Fwp%2Fv2%2Fmedia&parent=10623"}],"wp:term":[{"taxonomy":"category","embeddable":true,"href":"https:\/\/www.vrtec-konjice.si\/index.php?rest_route=%2Fwp%2Fv2%2Fcategories&post=10623"},{"taxonomy":"post_tag","embeddable":true,"href":"https:\/\/www.vrtec-konjice.si\/index.php?rest_route=%2Fwp%2Fv2%2Ftags&post=10623"}],"curies":[{"name":"wp","href":"https:\/\/api.w.org\/{rel}","templated":true}]}}